{"id":130276,"date":"2026-09-04T16:15:13","date_gmt":"2026-09-04T14:15:13","guid":{"rendered":"https:\/\/www.alessandrobini.com\/?p=130276"},"modified":"2026-09-04T17:54:51","modified_gmt":"2026-09-04T15:54:51","slug":"alessandro-bini-b-cad-expo-2026-enzo-cancelli-fr","status":"publish","type":"post","link":"https:\/\/www.alessandrobini.com\/fr\/alessandro-bini-b-cad-expo-2026-enzo-cancelli\/","title":{"rendered":"Alessandro Bini<br>B-CAD EXPO 2026 :<br>le tissu d\u2019ameublement<br>devient mur avec<br>Enzo Cancelli"},"content":{"rendered":"\t\t<div data-elementor-type=\"wp-post\" data-elementor-id=\"130276\" class=\"elementor elementor-130276 elementor-130273\" data-elementor-post-type=\"post\">\n\t\t\t\t\t\t<section class=\"elementor-section elementor-top-section elementor-element elementor-element-d10e898 elementor-section-boxed elementor-section-height-default elementor-section-height-default\" data-id=\"d10e898\" data-element_type=\"section\" data-e-type=\"section\">\n\t\t\t\t\t\t<div class=\"elementor-container elementor-column-gap-default\">\n\t\t\t\t\t<div class=\"elementor-column elementor-col-100 elementor-top-column elementor-element elementor-element-db84927\" data-id=\"db84927\" data-element_type=\"column\" data-e-type=\"column\">\n\t\t\t<div class=\"elementor-widget-wrap elementor-element-populated\">\n\t\t\t\t\t\t<div class=\"elementor-element elementor-element-a01b5e4 elementor-widget elementor-widget-image\" data-id=\"a01b5e4\" data-element_type=\"widget\" data-e-type=\"widget\" data-widget_type=\"image.default\">\n\t\t\t\t<div class=\"elementor-widget-container\">\n\t\t\t\t\t\t\t\t\t\t\t\t\t\t\t<img fetchpriority=\"high\" decoding=\"async\" width=\"1200\" height=\"1800\" src=\"https:\/\/www.alessandrobini.com\/wp-content\/uploads\/2026\/09\/alessandro-bini-enzo-cancelli-rivestimento-murale-tessile-scala.jpg\" class=\"attachment-full size-full wp-image-130297\" alt=\"\" srcset=\"https:\/\/www.alessandrobini.com\/wp-content\/uploads\/2026\/09\/alessandro-bini-enzo-cancelli-rivestimento-murale-tessile-scala.jpg 1200w, https:\/\/www.alessandrobini.com\/wp-content\/uploads\/2026\/09\/alessandro-bini-enzo-cancelli-rivestimento-murale-tessile-scala-200x300.jpg 200w, https:\/\/www.alessandrobini.com\/wp-content\/uploads\/2026\/09\/alessandro-bini-enzo-cancelli-rivestimento-murale-tessile-scala-683x1024.jpg 683w, https:\/\/www.alessandrobini.com\/wp-content\/uploads\/2026\/09\/alessandro-bini-enzo-cancelli-rivestimento-murale-tessile-scala-768x1152.jpg 768w, https:\/\/www.alessandrobini.com\/wp-content\/uploads\/2026\/09\/alessandro-bini-enzo-cancelli-rivestimento-murale-tessile-scala-1024x1536.jpg 1024w, https:\/\/www.alessandrobini.com\/wp-content\/uploads\/2026\/09\/alessandro-bini-enzo-cancelli-rivestimento-murale-tessile-scala-267x400.jpg 267w, https:\/\/www.alessandrobini.com\/wp-content\/uploads\/2026\/09\/alessandro-bini-enzo-cancelli-rivestimento-murale-tessile-scala-600x900.jpg 600w, https:\/\/www.alessandrobini.com\/wp-content\/uploads\/2026\/09\/alessandro-bini-enzo-cancelli-rivestimento-murale-tessile-scala-64x96.jpg 64w\" sizes=\"(max-width: 1200px) 100vw, 1200px\" \/>\t\t\t\t\t\t\t\t\t\t\t\t\t\t\t<\/div>\n\t\t\t\t<\/div>\n\t\t\t\t<div class=\"elementor-element elementor-element-4325e64 elementor-widget elementor-widget-text-editor\" data-id=\"4325e64\" data-element_type=\"widget\" data-e-type=\"widget\" data-widget_type=\"text-editor.default\">\n\t\t\t\t<div class=\"elementor-widget-container\">\n\t\t\t\t\t\t\t\t\t<h2>Alessandro Bini B-CAD Expo 2026 avec Enzo Cancelli<\/h2>\t\t\t\t\t\t\t\t<\/div>\n\t\t\t\t<\/div>\n\t\t\t\t<div class=\"elementor-element elementor-element-284f44a elementor-widget__width-initial elementor-widget elementor-widget-text-editor\" data-id=\"284f44a\" data-element_type=\"widget\" data-e-type=\"widget\" data-widget_type=\"text-editor.default\">\n\t\t\t\t<div class=\"elementor-widget-container\">\n\t\t\t\t\t\t\t\t\t<p>Du <strong>4 au 6 septembre 2026<\/strong>, Alessandro Bini est \u00e0 la <strong>Nuvola de Fuksas \u00e0 Rome<\/strong> pour <strong>B-CAD Expo<\/strong>, le salon international d\u00e9di\u00e9 au B\u00e2timent, \u00e0 l\u2019Architecture et au Design, avec <strong>Enzo Cancelli<\/strong> : le projet n\u00e9 de la collaboration avec <strong>Cancelli Parati<\/strong>, entreprise romaine historique sp\u00e9cialis\u00e9e depuis 1938 dans la pose professionnelle de rev\u00eatements muraux.<\/p>\n<p>Au c\u0153ur du stand, les tissus d\u2019ameublement <strong>Alessandro Bini Tessuti d\u2019Italia<\/strong> \u2014 damas, jacquards, effets moir\u00e9s, g\u00e9om\u00e9tries et surfaces textur\u00e9es, rigoureusement Made in Italy \u2014 appliqu\u00e9s au mur sur des supports techniques qui pr\u00e9servent la profondeur des trames et la richesse chromatique. Non pas des papiers peints, mais d\u2019authentiques <strong>rev\u00eatements muraux textiles<\/strong> : le tissu d\u00e9passe sa fonction d\u00e9corative pour devenir surface architecturale, pr\u00e9sence mat\u00e9rielle, protagoniste de l\u2019espace.<\/p>\n<p>Les premi\u00e8res r\u00e9alisations le prouvent : un escalier habill\u00e9 d\u2019un tissu Alessandro Bini se transforme en un mur vivant, qui dialogue avec la lumi\u00e8re, le bois et l\u2019architecture de la maison. Une nouvelle possibilit\u00e9 expressive pens\u00e9e pour les <strong>architectes, d\u00e9corateurs d\u2019int\u00e9rieur et prescripteurs<\/strong>, pour r\u00e9sidences priv\u00e9es, h\u00f4tellerie, retail et contract.<\/p>\n<p>Nous vous attendons \u00e0 Rome.<\/p>\n<p><em>D\u00e9couvrez Enzo Cancelli : <a href=\"https:\/\/www.enzocancelli.com\/\" target=\"_blank\" rel=\"noopener\">www.enzocancelli.com<\/a> \u00b7 Informations sur le salon : <a href=\"https:\/\/www.bcadexpo.it\/\" target=\"_blank\" rel=\"noopener\">www.bcadexpo.it<\/a><\/em><\/p>\t\t\t\t\t\t\t\t<\/div>\n\t\t\t\t<\/div>\n\t\t\t\t<div class=\"elementor-element elementor-element-a3911e4 elementor-widget elementor-widget-image\" data-id=\"a3911e4\" data-element_type=\"widget\" data-e-type=\"widget\" data-widget_type=\"image.default\">\n\t\t\t\t<div class=\"elementor-widget-container\">\n\t\t\t\t\t\t\t\t\t\t\t\t\t\t\t\t<a href=\"https:\/\/www.enzocancelli.com\/\" target=\"_blank\" rel=\"noopener\">\n\t\t\t\t\t\t\t<img decoding=\"async\" width=\"1069\" height=\"380\" src=\"https:\/\/www.alessandrobini.com\/wp-content\/uploads\/2026\/09\/logo-enzo-cancelli-italian-textile-wallcoverings.png\" class=\"attachment-full size-full wp-image-130325\" alt=\"Enzo Cancelli \u2013 Italian Textile Wallcoverings\" srcset=\"https:\/\/www.alessandrobini.com\/wp-content\/uploads\/2026\/09\/logo-enzo-cancelli-italian-textile-wallcoverings.png 1069w, https:\/\/www.alessandrobini.com\/wp-content\/uploads\/2026\/09\/logo-enzo-cancelli-italian-textile-wallcoverings-300x107.png 300w, https:\/\/www.alessandrobini.com\/wp-content\/uploads\/2026\/09\/logo-enzo-cancelli-italian-textile-wallcoverings-1024x364.png 1024w, https:\/\/www.alessandrobini.com\/wp-content\/uploads\/2026\/09\/logo-enzo-cancelli-italian-textile-wallcoverings-768x273.png 768w, https:\/\/www.alessandrobini.com\/wp-content\/uploads\/2026\/09\/logo-enzo-cancelli-italian-textile-wallcoverings-400x142.png 400w, https:\/\/www.alessandrobini.com\/wp-content\/uploads\/2026\/09\/logo-enzo-cancelli-italian-textile-wallcoverings-600x213.png 600w, https:\/\/www.alessandrobini.com\/wp-content\/uploads\/2026\/09\/logo-enzo-cancelli-italian-textile-wallcoverings-64x23.png 64w\" sizes=\"(max-width: 1069px) 100vw, 1069px\" \/>\t\t\t\t\t\t\t\t<\/a>\n\t\t\t\t\t\t\t\t\t\t\t\t\t\t\t<\/div>\n\t\t\t\t<\/div>\n\t\t\t\t<div class=\"elementor-element elementor-element-772acb3 elementor-align-center elementor-widget elementor-widget-button\" data-id=\"772acb3\" data-element_type=\"widget\" data-e-type=\"widget\" data-widget_type=\"button.default\">\n\t\t\t\t<div class=\"elementor-widget-container\">\n\t\t\t\t\t\t\t\t\t<div class=\"elementor-button-wrapper\">\n\t\t\t\t\t<a class=\"elementor-button elementor-button-link elementor-size-sm\" href=\"https:\/\/www.bcadexpo.it\/\" target=\"_blank\" rel=\"noopener\">\n\t\t\t\t\t\t<span class=\"elementor-button-content-wrapper\">\n\t\t\t\t\t\t\t\t\t<span class=\"elementor-button-text\">D\u00e9couvrir B-CAD Expo<\/span>\n\t\t\t\t\t<\/span>\n\t\t\t\t\t<\/a>\n\t\t\t\t<\/div>\n\t\t\t\t\t\t\t\t<\/div>\n\t\t\t\t<\/div>\n\t\t\t\t\t<\/div>\n\t\t<\/div>\n\t\t\t\t\t<\/div>\n\t\t<\/section>\n\t\t\t\t<\/div>\n\t\t","protected":false},"excerpt":{"rendered":"<p>Du 11 au 14 Octobre 2026, Alessandro Bini sera pr\u00e9sent \u00e0 Decorex International London, \u00e0 Olympia London \u2013 Stand F01, avec les derni\u00e8res collections Alessandro Bini \u2013 Tessuti d\u2019Italia et Tessuti dal Mondo.<\/p>\n","protected":false},"author":144,"featured_media":130337,"comment_status":"closed","ping_status":"closed","sticky":false,"template":"","format":"standard","meta":{"_acf_changed":false,"footnotes":""},"categories":[10520],"tags":[24306,24321,24323,24322,24309,24311,24320],"class_list":["post-130276","post","type-post","status-publish","format-standard","has-post-thumbnail","hentry","category-tessuti-ditalia","tag-alessandro-bini","tag-b-cad-expo-2026","tag-cancelli-parati","tag-enzo-cancelli","tag-interior-design","tag-made-in-italy","tag-revetements-muraux-textiles"],"acf":[],"_links":{"self":[{"href":"https:\/\/www.alessandrobini.com\/fr\/wp-json\/wp\/v2\/posts\/130276","targetHints":{"allow":["GET"]}}],"collection":[{"href":"https:\/\/www.alessandrobini.com\/fr\/wp-json\/wp\/v2\/posts"}],"about":[{"href":"https:\/\/www.alessandrobini.com\/fr\/wp-json\/wp\/v2\/types\/post"}],"author":[{"embeddable":true,"href":"https:\/\/www.alessandrobini.com\/fr\/wp-json\/wp\/v2\/users\/144"}],"replies":[{"embeddable":true,"href":"https:\/\/www.alessandrobini.com\/fr\/wp-json\/wp\/v2\/comments?post=130276"}],"version-history":[{"count":16,"href":"https:\/\/www.alessandrobini.com\/fr\/wp-json\/wp\/v2\/posts\/130276\/revisions"}],"predecessor-version":[{"id":130336,"href":"https:\/\/www.alessandrobini.com\/fr\/wp-json\/wp\/v2\/posts\/130276\/revisions\/130336"}],"wp:featuredmedia":[{"embeddable":true,"href":"https:\/\/www.alessandrobini.com\/fr\/wp-json\/wp\/v2\/media\/130337"}],"wp:attachment":[{"href":"https:\/\/www.alessandrobini.com\/fr\/wp-json\/wp\/v2\/media?parent=130276"}],"wp:term":[{"taxonomy":"category","embeddable":true,"href":"https:\/\/www.alessandrobini.com\/fr\/wp-json\/wp\/v2\/categories?post=130276"},{"taxonomy":"post_tag","embeddable":true,"href":"https:\/\/www.alessandrobini.com\/fr\/wp-json\/wp\/v2\/tags?post=130276"}],"curies":[{"name":"wp","href":"https:\/\/api.w.org\/{rel}","templated":true}]}}